{"id":591,"date":"2024-03-04T12:31:48","date_gmt":"2024-03-04T12:31:48","guid":{"rendered":"https:\/\/daisy.fyriswebb.se\/?p=591"},"modified":"2024-03-04T12:31:48","modified_gmt":"2024-03-04T12:31:48","slug":"en-resa-genom-historien-om-vinterlovet","status":"publish","type":"post","link":"https:\/\/daisy.fyriswebb.se\/?p=591","title":{"rendered":"En resa genom historien om Vinterlovet"},"content":{"rendered":"\n<h4 class=\"wp-block-heading\"><strong>En resa genom historien om Vinterlovet<\/strong><\/h4>\n\n\n\n<p>Ursprunget till sportlovet g\u00e5r tillbaka till 1940 n\u00e4r Br\u00e4nslekommissionen i Sverige inf\u00f6rde det f\u00f6rsta s k <em>kokslovet<\/em>. Under andra v\u00e4rldskriget var kol och koks, de br\u00e4nslen som anv\u00e4ndes f\u00f6r att v\u00e4rma skolorna, kraftigt ransonerade. F\u00f6r att spara kostnader beslutade man att st\u00e4nga skolorna en vecka. F\u00f6r att h\u00e5lla barnen sysselsatta organiserade Idrotts- och friluftsstyrelsen olika friluftsaktiviteter och vintersporter under lovet. Namnet <em>sportlov<\/em> h\u00e4rstammar fr\u00e5n dessa aktiviteter.<\/p>\n\n\n\n<h4 class=\"wp-block-heading\"><strong>H\u00e4lsosk\u00e4l f\u00f6r sportlov<\/strong><\/h4>\n\n\n\n<p>Mot slutet av 1950-talet lade skolh\u00e4lsov\u00e5rden till medicinhygieniska sk\u00e4l som ytterligare motivation f\u00f6r ett skollov under senvintern. Man ans\u00e5g att detta skulle minska m\u00e4ngden och spridningen av infektioner under den kalla \u00e5rstiden. Skolstyrelsen sanktionerade sportlovet, och det blev d\u00e5 ett nationellt skollov.<\/p>\n\n\n\n<h4 class=\"wp-block-heading\"><strong>M\u00e5ngfald fritidsaktiviteter<\/strong><\/h4>\n\n\n\n<p>Idag varierar sportlovet i tidpunkt beroende p\u00e5 region, men det intr\u00e4ffar alltid n\u00e5gon g\u00e5ng mellan vecka 7 och vecka 10. Fr\u00e5n sina ursprungliga syften har sportlovet utvecklats till en nationell tradition som erbjuder en m\u00e5ngfald av aktiviteter f\u00f6r skolelever runt om i Sverige.<\/p>\n\n\n\n<p><em>Per Kroon<\/em><\/p>\n","protected":false},"excerpt":{"rendered":"<p>En resa genom historien om Vinterlovet Ursprunget till sportlovet g\u00e5r tillbaka till 1940 n\u00e4r Br\u00e4nslekommissionen i Sverige inf\u00f6rde det f\u00f6rsta s k kokslovet. Under andra v\u00e4rldskriget var kol och koks, de br\u00e4nslen som anv\u00e4ndes f\u00f6r att v\u00e4rma skolorna, kraftigt ransonerade. F\u00f6r att spara kostnader beslutade man att st\u00e4nga skolorna en vecka. F\u00f6r att h\u00e5lla barnen [&hellip;]<\/p>\n","protected":false},"author":3,"featured_media":101,"comment_status":"open","ping_status":"open","sticky":false,"template":"","format":"standard","meta":{"_et_pb_use_builder":"","_et_pb_old_content":"","_et_gb_content_width":"","inline_featured_image":false,"footnotes":""},"categories":[1],"tags":[],"class_list":["post-591","post","type-post","status-publish","format-standard","has-post-thumbnail","hentry","category-uncategorized"],"_links":{"self":[{"href":"https:\/\/daisy.fyriswebb.se\/index.php?rest_route=\/wp\/v2\/posts\/591","targetHints":{"allow":["GET"]}}],"collection":[{"href":"https:\/\/daisy.fyriswebb.se\/index.php?rest_route=\/wp\/v2\/posts"}],"about":[{"href":"https:\/\/daisy.fyriswebb.se\/index.php?rest_route=\/wp\/v2\/types\/post"}],"author":[{"embeddable":true,"href":"https:\/\/daisy.fyriswebb.se\/index.php?rest_route=\/wp\/v2\/users\/3"}],"replies":[{"embeddable":true,"href":"https:\/\/daisy.fyriswebb.se\/index.php?rest_route=%2Fwp%2Fv2%2Fcomments&post=591"}],"version-history":[{"count":1,"href":"https:\/\/daisy.fyriswebb.se\/index.php?rest_route=\/wp\/v2\/posts\/591\/revisions"}],"predecessor-version":[{"id":592,"href":"https:\/\/daisy.fyriswebb.se\/index.php?rest_route=\/wp\/v2\/posts\/591\/revisions\/592"}],"wp:featuredmedia":[{"embeddable":true,"href":"https:\/\/daisy.fyriswebb.se\/index.php?rest_route=\/wp\/v2\/media\/101"}],"wp:attachment":[{"href":"https:\/\/daisy.fyriswebb.se\/index.php?rest_route=%2Fwp%2Fv2%2Fmedia&parent=591"}],"wp:term":[{"taxonomy":"category","embeddable":true,"href":"https:\/\/daisy.fyriswebb.se\/index.php?rest_route=%2Fwp%2Fv2%2Fcategories&post=591"},{"taxonomy":"post_tag","embeddable":true,"href":"https:\/\/daisy.fyriswebb.se\/index.php?rest_route=%2Fwp%2Fv2%2Ftags&post=591"}],"curies":[{"name":"wp","href":"https:\/\/api.w.org\/{rel}","templated":true}]}}