{"id":553,"date":"2024-02-29T11:05:06","date_gmt":"2024-02-29T11:05:06","guid":{"rendered":"https:\/\/daisy.fyriswebb.se\/?p=553"},"modified":"2024-03-04T13:16:11","modified_gmt":"2024-03-04T13:16:11","slug":"askonsdagen","status":"publish","type":"post","link":"https:\/\/daisy.fyriswebb.se\/?p=553","title":{"rendered":"Askonsdagen"},"content":{"rendered":"<p>[et_pb_section fb_built=&#8221;1&#8243; theme_builder_area=&#8221;post_content&#8221; _builder_version=&#8221;4.23.1&#8243; _module_preset=&#8221;default&#8221;][et_pb_row _builder_version=&#8221;4.23.1&#8243; _module_preset=&#8221;default&#8221; theme_builder_area=&#8221;post_content&#8221;][et_pb_column _builder_version=&#8221;4.23.1&#8243; _module_preset=&#8221;default&#8221; type=&#8221;4_4&#8243; theme_builder_area=&#8221;post_content&#8221;][et_pb_text _builder_version=&#8221;4.23.1&#8243; _module_preset=&#8221;default&#8221; theme_builder_area=&#8221;post_content&#8221; hover_enabled=&#8221;0&#8243; sticky_enabled=&#8221;0&#8243;]<\/p>\n<p><strong><\/strong><\/p>\n<h2><strong>Askonsdagen &#8211; b\u00f6rjan p\u00e5 fastan<\/strong><\/h2>\n<p><strong><\/strong><\/p>\n<p><strong><\/strong><\/p>\n<p><strong>Askonsdagen 14 februari, p\u00e5 Latin dies cinerum, \u00e4r den f\u00f6rsta dagen i fastetiden.<\/strong><strong>\u00a0Den har f\u00e5tt sitt namn efter den v\u00e4lsignade aska som str\u00f6ddes p\u00e5 de botg\u00f6rare som fick l\u00e4mna kyrkan f\u00f6r att igen f\u00e5 tilltr\u00e4de efter absolution p\u00e5 sk\u00e4rtorsdagen.<\/strong><br \/><strong>Under fastan avst\u00e5r man traditionellt\u00a0 fr\u00e5n animaliska produkter som k\u00f6tt, mj\u00f6lk och \u00e4gg. Fisk fick man d\u00e4remot \u00e4ta. Det var en av anledningarna till att kloster ofta anlade stora fiskdammar, s\u00e5 de skulle ha tillg\u00e5ng till fisk \u00e4ven om de l\u00e5g l\u00e5ngt ifr\u00e5n kusten.<\/strong><\/p>\n<h4>Fastan<\/h4>\n<p>Onsdagen efter fastlagss\u00f6ndagen, allts\u00e5 askonsdagen, inleder fyrtiodagarsfastan. En f\u00f6rberedelse inf\u00f6r den kristna p\u00e5sken. I kristendomens barndom var det tv\u00e5 eller tre dagars fasta som g\u00e4llde, men p\u00e5 300-talet ut\u00f6kades detta, f\u00f6r att p\u00e5minna om de 40 dagar som Jesus fastade i \u00f6knen.<br \/>Under Askonsdagens m\u00e4ssa \u00e4r det vanligt att pr\u00e4sten tecknar ett kors av aska p\u00e5 deltagarnas pannor f\u00f6r att p\u00e5minna om m\u00e4nniskans d\u00f6dlighet. Detta \u00e4r idag frivilligt. Vid tecknandet s\u00e4ger pr\u00e4sten detta, eller liknande: \u201dKom ih\u00e5g o m\u00e4nniska att du \u00e4r stoft o att du \u00e5ter skall bli till stoft. Omv\u00e4nd dig och tro p\u00e5 evangelium&#8221;.<br \/>Askonsdagen har en plats med detta tema i Svenska kyrkans evangeliebok. Den \u00e5terinf\u00f6rdes formellt 1983 efter att ha varit bortplockad sedan reformationstiden, men hade redan i mitten av 1900-talet i m\u00e5nga f\u00f6rsamlingar tagits upp igen utan att detta varit formellt reglerat. Ocks\u00e5 i Finlands lutherska kyrka har kyrkohandbokens texter och b\u00f6ner f\u00f6r askonsdagen och instruktioner f\u00f6r hur dagen skall firas.<\/p>\n<h4>Kontemplation, b\u00f6n och fasta<\/h4>\n<p>Askonsdagens tema \u00e4r i Svenska kyrkan \u201dB\u00f6n och fasta.\u201d Tidpunkten f\u00f6r Askonsdagen \u00e5r r\u00f6rlig. Den intr\u00e4ffar enligt kyrkokalendern 46 dagar f\u00f6re p\u00e5skdagen (40 vanliga fastedagar samt sex s\u00f6ndagar d\u00e5 man inte fastar). Askonsdagen infaller mellan den 4 februari och den 10 mars.Trots sin placering i det borgerliga \u00e5ret har askonsdagen aldrig infallit p\u00e5 skottdagen den 29 februari och kommer inte infalla detta datum f\u00f6rr\u00e4n \u00e5r 2096. I folklig tradition har ordet askonsdagen p\u00e5 ett felaktigt s\u00e4tt anv\u00e4nts som namn p\u00e5 Dymmelonsdagen, som \u00e4r onsdagen i stillaveckan, allts\u00e5 dagen f\u00f6re sk\u00e4rtorsdagen.<br \/>Kontentan \u00e4r v\u00e4l kanske, passa p\u00e5 och \u201dsmoska i er\u201d fastlagsbullar, hetv\u00e4ggar eller som de heter i Ture Sventons v\u00e4rld; Temlor innan den 14 februari.<br \/><em>Eva Lindstr\u00f6m<\/em><\/p>\n<h5>\u00a0<\/h5>\n<pre>\u00a0<\/pre>\n<p>[\/et_pb_text][\/et_pb_column][\/et_pb_row][\/et_pb_section]<\/p>\n","protected":false},"excerpt":{"rendered":"<p>Askonsdagen &#8211; b\u00f6rjan p\u00e5 fastan Askonsdagen 14 februari, p\u00e5 Latin dies cinerum, \u00e4r den f\u00f6rsta dagen i fastetiden.\u00a0Den har f\u00e5tt sitt namn efter den v\u00e4lsignade aska som str\u00f6ddes p\u00e5 de botg\u00f6rare som fick l\u00e4mna kyrkan f\u00f6r att igen f\u00e5 tilltr\u00e4de efter absolution p\u00e5 sk\u00e4rtorsdagen.Under fastan avst\u00e5r man traditionellt\u00a0 fr\u00e5n animaliska produkter som k\u00f6tt, mj\u00f6lk och [&hellip;]<\/p>\n","protected":false},"author":3,"featured_media":0,"comment_status":"open","ping_status":"open","sticky":false,"template":"","format":"standard","meta":{"_et_pb_use_builder":"on","_et_pb_old_content":"","_et_gb_content_width":"","inline_featured_image":false,"footnotes":""},"categories":[1],"tags":[],"class_list":["post-553","post","type-post","status-publish","format-standard","hentry","category-uncategorized"],"_links":{"self":[{"href":"https:\/\/daisy.fyriswebb.se\/index.php?rest_route=\/wp\/v2\/posts\/553","targetHints":{"allow":["GET"]}}],"collection":[{"href":"https:\/\/daisy.fyriswebb.se\/index.php?rest_route=\/wp\/v2\/posts"}],"about":[{"href":"https:\/\/daisy.fyriswebb.se\/index.php?rest_route=\/wp\/v2\/types\/post"}],"author":[{"embeddable":true,"href":"https:\/\/daisy.fyriswebb.se\/index.php?rest_route=\/wp\/v2\/users\/3"}],"replies":[{"embeddable":true,"href":"https:\/\/daisy.fyriswebb.se\/index.php?rest_route=%2Fwp%2Fv2%2Fcomments&post=553"}],"version-history":[{"count":3,"href":"https:\/\/daisy.fyriswebb.se\/index.php?rest_route=\/wp\/v2\/posts\/553\/revisions"}],"predecessor-version":[{"id":557,"href":"https:\/\/daisy.fyriswebb.se\/index.php?rest_route=\/wp\/v2\/posts\/553\/revisions\/557"}],"wp:attachment":[{"href":"https:\/\/daisy.fyriswebb.se\/index.php?rest_route=%2Fwp%2Fv2%2Fmedia&parent=553"}],"wp:term":[{"taxonomy":"category","embeddable":true,"href":"https:\/\/daisy.fyriswebb.se\/index.php?rest_route=%2Fwp%2Fv2%2Fcategories&post=553"},{"taxonomy":"post_tag","embeddable":true,"href":"https:\/\/daisy.fyriswebb.se\/index.php?rest_route=%2Fwp%2Fv2%2Ftags&post=553"}],"curies":[{"name":"wp","href":"https:\/\/api.w.org\/{rel}","templated":true}]}}